{"id":11982,"date":"2023-07-31T14:15:33","date_gmt":"2023-07-31T21:15:33","guid":{"rendered":"https:\/\/speculoos.world\/news\/2023\/07\/se-sentir-si-jeune-et-si-vieux\/"},"modified":"2023-07-31T19:29:09","modified_gmt":"2023-08-01T02:29:09","slug":"se-sentir-si-jeune-et-si-vieille","status":"publish","type":"post","link":"https:\/\/speculoos.world\/fr\/actualites\/2023\/07\/se-sentir-si-jeune-et-si-vieille\/","title":{"rendered":"Se sentir si jeune&#8230; et si vieille&#8230;"},"content":{"rendered":"\n<p>Aujourd&rsquo;hui, Second Life m&rsquo;a souhait\u00e9 un joyeux Rez Day pour ma 17e ann\u00e9e. Un m\u00e9lange de jeunesse et de vieillesse.<\/p>\n","protected":false},"excerpt":{"rendered":"<p>Aujourd&rsquo;hui, Second Life m&rsquo;a souhait\u00e9 un joyeux Rez Day pour ma 17e ann\u00e9e. Un m\u00e9lange de jeunesse et de vieillesse.<\/p>\n","protected":false},"author":2,"featured_media":11962,"comment_status":"closed","ping_status":"open","sticky":false,"template":"","format":"standard","meta":{"footnotes":""},"categories":[122],"tags":[],"class_list":{"0":"post-11982","1":"post","2":"type-post","3":"status-publish","4":"format-standard","5":"has-post-thumbnail","7":"category-actualites"},"_links":{"self":[{"href":"https:\/\/speculoos.world\/fr\/wp-json\/wp\/v2\/posts\/11982","targetHints":{"allow":["GET"]}}],"collection":[{"href":"https:\/\/speculoos.world\/fr\/wp-json\/wp\/v2\/posts"}],"about":[{"href":"https:\/\/speculoos.world\/fr\/wp-json\/wp\/v2\/types\/post"}],"author":[{"embeddable":true,"href":"https:\/\/speculoos.world\/fr\/wp-json\/wp\/v2\/users\/2"}],"replies":[{"embeddable":true,"href":"https:\/\/speculoos.world\/fr\/wp-json\/wp\/v2\/comments?post=11982"}],"version-history":[{"count":12,"href":"https:\/\/speculoos.world\/fr\/wp-json\/wp\/v2\/posts\/11982\/revisions"}],"predecessor-version":[{"id":13877,"href":"https:\/\/speculoos.world\/fr\/wp-json\/wp\/v2\/posts\/11982\/revisions\/13877"}],"wp:featuredmedia":[{"embeddable":true,"href":"https:\/\/speculoos.world\/fr\/wp-json\/wp\/v2\/media\/11962"}],"wp:attachment":[{"href":"https:\/\/speculoos.world\/fr\/wp-json\/wp\/v2\/media?parent=11982"}],"wp:term":[{"taxonomy":"category","embeddable":true,"href":"https:\/\/speculoos.world\/fr\/wp-json\/wp\/v2\/categories?post=11982"},{"taxonomy":"post_tag","embeddable":true,"href":"https:\/\/speculoos.world\/fr\/wp-json\/wp\/v2\/tags?post=11982"}],"curies":[{"name":"wp","href":"https:\/\/api.w.org\/{rel}","templated":true}]}}